{"id":4556,"date":"2024-12-22T18:36:40","date_gmt":"2024-12-22T17:36:40","guid":{"rendered":"https:\/\/www.acj-poitiers.fr\/?p=4556"},"modified":"2025-09-01T15:55:43","modified_gmt":"2025-09-01T14:55:43","slug":"concert-de-nouvel-an-2025","status":"publish","type":"post","link":"https:\/\/www.acj-poitiers.fr\/?p=4556","title":{"rendered":"CONCERTS 2025"},"content":{"rendered":"<p style=\"text-align: left;\"><span style=\"font-size: 18pt;\"><span style=\"font-family: arial, helvetica, sans-serif;\"><span style=\"font-size: 10pt;\">Mai 2025<\/span><\/span><strong><span style=\"font-family: arial, helvetica, sans-serif;\"><br \/>Marie Th\u00e9r\u00e8se CUSIN nous a quitt\u00e9s.<\/span><\/strong><\/span><\/p>\n<p><img loading=\"lazy\" decoding=\"async\" class=\"alignleft wp-image-4624\" src=\"https:\/\/www.acj-poitiers.fr\/wp-content\/uploads\/2024\/12\/20181218_222847-225x300.jpg\" alt=\"\" width=\"220\" height=\"293\" srcset=\"https:\/\/www.acj-poitiers.fr\/wp-content\/uploads\/2024\/12\/20181218_222847-225x300.jpg 225w, https:\/\/www.acj-poitiers.fr\/wp-content\/uploads\/2024\/12\/20181218_222847-768x1024.jpg 768w, https:\/\/www.acj-poitiers.fr\/wp-content\/uploads\/2024\/12\/20181218_222847-1152x1536.jpg 1152w, https:\/\/www.acj-poitiers.fr\/wp-content\/uploads\/2024\/12\/20181218_222847-1536x2048.jpg 1536w, https:\/\/www.acj-poitiers.fr\/wp-content\/uploads\/2024\/12\/20181218_222847-scaled.jpg 1920w\" sizes=\"auto, (max-width: 220px) 100vw, 220px\" \/><\/p>\n<p style=\"text-align: justify;\"><span style=\"font-family: arial, helvetica, sans-serif;\">Tandis que nous donnions notre dernier concert \u00e0 l\u2019\u00e9glise St Cyprien, nous avons appris avec tristesse le d\u00e9c\u00e8s, \u00e0 l\u2019\u00e2ge de 100 ans, de Marie-Th\u00e9r\u00e8se CUSIN qui fut notre tr\u00e9sori\u00e8re et \u00e9galement tr\u00e9sori\u00e8re de la R\u00e9gion A C\u0153ur Joie Poitou-Charentes. Marie-Th\u00e9r\u00e8se a chant\u00e9 avec nous jusqu&rsquo;\u00e0 95 ans pass\u00e9s et elle aurait sans doute continu\u00e9 si le covid et son cort\u00e8ge de confinements n\u2019\u00e9tait venu mettre un terme \u00e0 sa participation. \u00c9tant n\u00e9e fin d\u00e9cembre, nous avions l\u2019habitude de f\u00eater son anniversaire lors des pots de No\u00ebl. Toujours tr\u00e8s alerte, regard p\u00e9tillant et mise toujours impeccable, Marie-Th\u00e9r\u00e8se est la preuve \u00e9clatante que le chant choral aide \u00e0 rester jeune et permet de vivre longtemps.<\/span><\/p>\n<hr \/>\n<p><span style=\"font-family: arial, helvetica, sans-serif;\"><span style=\"font-size: 18pt;\"><strong>Vendredi 13 juin<\/strong><\/span> \u2013 20h30 &#8211; <span style=\"font-size: 14pt;\"><strong>\u00c9glise de Vouneuil s\/s Biard<img loading=\"lazy\" decoding=\"async\" class=\"alignnone size-large wp-image-4631\" src=\"https:\/\/www.acj-poitiers.fr\/wp-content\/uploads\/2024\/12\/AFFICHE-CONCERT-ASSO-AKAPELA-13-JUIN-2025-724x1024.jpg\" alt=\"\" width=\"724\" height=\"1024\" srcset=\"https:\/\/www.acj-poitiers.fr\/wp-content\/uploads\/2024\/12\/AFFICHE-CONCERT-ASSO-AKAPELA-13-JUIN-2025-724x1024.jpg 724w, https:\/\/www.acj-poitiers.fr\/wp-content\/uploads\/2024\/12\/AFFICHE-CONCERT-ASSO-AKAPELA-13-JUIN-2025-212x300.jpg 212w, https:\/\/www.acj-poitiers.fr\/wp-content\/uploads\/2024\/12\/AFFICHE-CONCERT-ASSO-AKAPELA-13-JUIN-2025-768x1086.jpg 768w, https:\/\/www.acj-poitiers.fr\/wp-content\/uploads\/2024\/12\/AFFICHE-CONCERT-ASSO-AKAPELA-13-JUIN-2025-1086x1536.jpg 1086w, https:\/\/www.acj-poitiers.fr\/wp-content\/uploads\/2024\/12\/AFFICHE-CONCERT-ASSO-AKAPELA-13-JUIN-2025-1448x2048.jpg 1448w, https:\/\/www.acj-poitiers.fr\/wp-content\/uploads\/2024\/12\/AFFICHE-CONCERT-ASSO-AKAPELA-13-JUIN-2025-scaled.jpg 1810w\" sizes=\"auto, (max-width: 724px) 100vw, 724px\" \/><\/strong><\/span><\/span><br \/><span style=\"font-family: arial, helvetica, sans-serif;\">Akapela chantera <strong>BRAHMS &amp; FAUR\u00c9<\/strong>.<br \/>A C\u0153ur Joie chantera son programme <strong>HISTOIRES DE FEMMES<\/strong>.<\/span><\/p>\n<hr \/>\n<p><em><strong><span style=\"font-family: arial, helvetica, sans-serif;\">Concerts pass\u00e9s<\/span><\/strong><\/em><\/p>\n<p style=\"text-align: left;\"><span style=\"font-family: arial, helvetica, sans-serif;\"><span style=\"font-size: 18pt;\"><strong>Vendredi 23 mai<\/strong><\/span> \u2013 20h30 &#8211;\u00a0 <span style=\"font-size: 14pt;\"><strong>\u00c9glise St Cyprien &#8211; Poitiers<img loading=\"lazy\" decoding=\"async\" class=\"alignnone size-large wp-image-4619\" src=\"https:\/\/www.acj-poitiers.fr\/wp-content\/uploads\/2024\/12\/Concert-23-mai-25-affiche-768x1024.jpg\" alt=\"\" width=\"768\" height=\"1024\" srcset=\"https:\/\/www.acj-poitiers.fr\/wp-content\/uploads\/2024\/12\/Concert-23-mai-25-affiche-768x1023.jpg 768w, https:\/\/www.acj-poitiers.fr\/wp-content\/uploads\/2024\/12\/Concert-23-mai-25-affiche-225x300.jpg 225w, https:\/\/www.acj-poitiers.fr\/wp-content\/uploads\/2024\/12\/Concert-23-mai-25-affiche.jpg 800w\" sizes=\"auto, (max-width: 768px) 100vw, 768px\" \/><\/strong><\/span><br \/>Concert Recto Verso avec Chante la Boivre, Figaro Si Figaro La &amp; Akapela<br \/>Au profit de l&rsquo;association humanitaire Education World 86<\/span><\/p>\n<p style=\"text-align: justify;\"><span style=\"font-family: arial, helvetica, sans-serif; font-size: 10pt;\">A C\u0153ur Joie \/ Chante la Boivre \/ Figaro chanteront leur programme <strong>RECTO-VERSO<\/strong>, <\/span><span style=\"font-family: arial, helvetica, sans-serif; font-size: 10pt;\">des airs classiques ou populaires revisit\u00e9s par Poulenc, Planel, Gainsbourg ou Stromae. <\/span><span style=\"font-family: arial, helvetica, sans-serif; font-size: 10pt;\">Akapela chantera Brahms et Faur\u00e9.<\/span><\/p>\n<p style=\"text-align: justify;\"><span style=\"font-family: arial, helvetica, sans-serif;\">Libre participation<\/span><\/p>\n<hr \/>\n<p style=\"text-align: left;\"><span style=\"font-family: arial, helvetica, sans-serif; font-size: 36pt;\"><strong><em><span style=\"font-size: 36pt;\">HISTOIRES DE FEMMES<\/span><br \/><\/em><\/strong><\/span><span style=\"font-family: arial, helvetica, sans-serif;\"><strong><span style=\"font-size: 12pt;\"><em><span style=\"font-size: 36pt;\"><span style=\"font-size: 10pt;\">Direction : Elsie Griffiths \/ <\/span><span style=\"font-size: 10pt;\">St\u00e9phane Griffiths \u00e0 la guitare \/ <\/span><span style=\"font-size: 10pt;\">Lorelei Obrecht r\u00e9citante<\/span><br \/><\/span><\/em><\/span><\/strong><\/span><span style=\"font-family: arial, helvetica, sans-serif;\"><strong><span style=\"font-size: 12pt;\"><em><span style=\"font-size: 18pt;\">vendredi 28 mars<\/span> \u00e0 20h30 au temple de Poitiers (rue des \u00c9cossais)<\/em><\/span>.<\/strong><br \/><span style=\"font-size: 10pt;\">Plein tarif : 10\u20ac &#8211; <\/span><span style=\"font-size: 10pt;\">Tarif r\u00e9duit (\u00e9tudiant \/ ch\u00f4meur) : 5\u20ac &#8211; <\/span><span style=\"font-size: 10pt;\">Moins de 18 ans : gratuit<\/span><br \/>R\u00e9servation en ligne (paiement \u00e0 l&rsquo;accueil le jour du concert) : <\/span><a href=\"https:\/\/docs.google.com\/forms\/d\/e\/1FAIpQLSedZuAHEfELcUh8z40b2v2lgeTEAmsK7xW0rgm5mtD5yOfKzg\/viewform\" target=\"_blank\" rel=\"noopener\"><span style=\"font-family: arial, helvetica, sans-serif;\"><strong>Cliquez ici<\/strong><\/span><\/a><\/p>\n<p style=\"text-align: justify;\"><span style=\"font-family: arial, helvetica, sans-serif;\">Adapt\u00e9 et harmonis\u00e9 par St\u00e9phane Griffiths d&rsquo;apr\u00e8s \u00ab\u00a0HUIT FEMMES\u00a0\u00bb de Fran\u00e7ois Ozon, ce programme a \u00e9t\u00e9 produit en 2024 \u00e0 Montmorillon et Lenclo\u00eetre avec 150 choristes, un orchestre et deux conteuses. Ces huit chants vous sont propos\u00e9s aujourd&rsquo;hui dans une nouvelle version avec un ch\u0153ur unique, un accompagnement guitare et une r\u00e9citante.<\/span><\/p>\n<p style=\"text-align: justify;\"><span style=\"font-size: 14pt;\"><strong><span style=\"font-family: arial, helvetica, sans-serif;\">En 1\u00e8re partie, HollyJazz, Groupe vocal de Fontaine le Comte, sous la direction de Simon Bouin, pr\u00e9sentera son programme de chansons jazz et chants du monde.<\/span><\/strong><\/span><\/p>\n\n\n<p><img loading=\"lazy\" decoding=\"async\" class=\"alignnone size-large wp-image-4574\" src=\"https:\/\/www.acj-poitiers.fr\/wp-content\/uploads\/2024\/12\/20250129-Concert-28-mars-2025-poster-V3-300ppp-724x1024.png\" alt=\"\" width=\"724\" height=\"1024\" srcset=\"https:\/\/www.acj-poitiers.fr\/wp-content\/uploads\/2024\/12\/20250129-Concert-28-mars-2025-poster-V3-300ppp-724x1024.png 724w, https:\/\/www.acj-poitiers.fr\/wp-content\/uploads\/2024\/12\/20250129-Concert-28-mars-2025-poster-V3-300ppp-212x300.png 212w, https:\/\/www.acj-poitiers.fr\/wp-content\/uploads\/2024\/12\/20250129-Concert-28-mars-2025-poster-V3-300ppp-768x1086.png 768w, https:\/\/www.acj-poitiers.fr\/wp-content\/uploads\/2024\/12\/20250129-Concert-28-mars-2025-poster-V3-300ppp-1086x1536.png 1086w, https:\/\/www.acj-poitiers.fr\/wp-content\/uploads\/2024\/12\/20250129-Concert-28-mars-2025-poster-V3-300ppp.png 1414w\" sizes=\"auto, (max-width: 724px) 100vw, 724px\" \/><\/p>\n\n\n\n\n","protected":false},"excerpt":{"rendered":"<p>Mai 2025Marie Th\u00e9r\u00e8se CUSIN nous a quitt\u00e9s. Tandis que nous donnions notre dernier concert \u00e0 l\u2019\u00e9glise St Cyprien, nous avons appris avec tristesse le d\u00e9c\u00e8s, \u00e0 l\u2019\u00e2ge de 100 ans, de Marie-Th\u00e9r\u00e8se CUSIN qui fut notre tr\u00e9sori\u00e8re et \u00e9galement tr\u00e9sori\u00e8re de la R\u00e9gion A C\u0153ur Joie Poitou-Charentes. Marie-Th\u00e9r\u00e8se a chant\u00e9 avec nous jusqu&rsquo;\u00e0 95 ans pass\u00e9s et elle aurait sans doute continu\u00e9 si le covid et son cort\u00e8ge de confinements n\u2019\u00e9tait venu mettre un terme \u00e0 sa participation. \u00c9tant n\u00e9e fin d\u00e9cembre, nous avions l\u2019habitude de f\u00eater son anniversaire lors des pots de No\u00ebl. Toujours tr\u00e8s alerte, regard p\u00e9tillant et&#46;&#46;&#46;<\/p>\n","protected":false},"author":3,"featured_media":0,"comment_status":"closed","ping_status":"closed","sticky":false,"template":"","format":"standard","meta":{"footnotes":""},"categories":[2],"tags":[],"class_list":["post-4556","post","type-post","status-publish","format-standard","hentry","category-accueil"],"_links":{"self":[{"href":"https:\/\/www.acj-poitiers.fr\/index.php?rest_route=\/wp\/v2\/posts\/4556","targetHints":{"allow":["GET"]}}],"collection":[{"href":"https:\/\/www.acj-poitiers.fr\/index.php?rest_route=\/wp\/v2\/posts"}],"about":[{"href":"https:\/\/www.acj-poitiers.fr\/index.php?rest_route=\/wp\/v2\/types\/post"}],"author":[{"embeddable":true,"href":"https:\/\/www.acj-poitiers.fr\/index.php?rest_route=\/wp\/v2\/users\/3"}],"replies":[{"embeddable":true,"href":"https:\/\/www.acj-poitiers.fr\/index.php?rest_route=%2Fwp%2Fv2%2Fcomments&post=4556"}],"version-history":[{"count":19,"href":"https:\/\/www.acj-poitiers.fr\/index.php?rest_route=\/wp\/v2\/posts\/4556\/revisions"}],"predecessor-version":[{"id":4847,"href":"https:\/\/www.acj-poitiers.fr\/index.php?rest_route=\/wp\/v2\/posts\/4556\/revisions\/4847"}],"wp:attachment":[{"href":"https:\/\/www.acj-poitiers.fr\/index.php?rest_route=%2Fwp%2Fv2%2Fmedia&parent=4556"}],"wp:term":[{"taxonomy":"category","embeddable":true,"href":"https:\/\/www.acj-poitiers.fr\/index.php?rest_route=%2Fwp%2Fv2%2Fcategories&post=4556"},{"taxonomy":"post_tag","embeddable":true,"href":"https:\/\/www.acj-poitiers.fr\/index.php?rest_route=%2Fwp%2Fv2%2Ftags&post=4556"}],"curies":[{"name":"wp","href":"https:\/\/api.w.org\/{rel}","templated":true}]}}